{"id":1532,"date":"2024-03-27T12:53:26","date_gmt":"2024-03-27T11:53:26","guid":{"rendered":"https:\/\/lo.radzanow.edu.pl\/?p=1532"},"modified":"2024-03-27T12:53:27","modified_gmt":"2024-03-27T11:53:27","slug":"we-wtorek-26-marca-mlodziez-z-naszego-liceum-udala-sie-na-wycieczke-do-warszawy","status":"publish","type":"post","link":"https:\/\/lo.radzanow.edu.pl\/?p=1532","title":{"rendered":"We wtorek, 26 marca m\u0142odzie\u017c z naszego liceum uda\u0142a si\u0119 na wycieczk\u0119 do Warszawy"},"content":{"rendered":"\n<p>Po wizycie w Narodowym Muzeum Techniki oraz wjechaniu na Taras Widokowy Pa\u0142acu Kultury i Nauki grupa przesz\u0142a do Teatru Polskiego aby w ramach programu \u201eKulturalna szko\u0142a na Mazowszu\u201d obejrze\u0107 spektakl ,,TANGO\u201d<\/p>\n\n\n\n<p>O czym jest \u201eTango\u201d? O spo\u0142ecze\u0144stwie. O teatrze i artystach. O wolno\u015bci. O warto\u015bciach. O w\u0142adzy.<\/p>\n\n\n\n<p><a><\/a>\u201eTango\u201d to tak\u017ce opowie\u015b\u0107 o ludziach, kt\u00f3rzy stoj\u0105 za kszta\u0142tem \u015bwiata \u2013 porz\u0105dkiem, chaosem, terrorem. U Mro\u017cka to jedna, wybuchowa rodzina. \u015awiat w mikroskali, uczucia w skali makro. Kto\u015b kogo\u015b udaje, co\u015b ukrywa, kto\u015b oszukuje, kto\u015b inny daje si\u0119 oszuka\u0107, ka\u017cdy o czym\u015b marzy, czego\u015b si\u0119 wstydzi, kto\u015b cierpi. Tekst napisany blisko sze\u015b\u0107dziesi\u0105t lat temu stawia pytanie, na kt\u00f3re nieustannie szukamy odpowiedzi. Kim jeste\u015bmy, gdy zdejmiemy maski?<\/p>\n\n\n\n<figure class=\"wp-block-gallery has-nested-images columns-default is-cropped wp-block-gallery-1 is-layout-flex wp-block-gallery-is-layout-flex\">\n<figure class=\"wp-block-image size-large\"><img loading=\"lazy\" decoding=\"async\" width=\"774\" height=\"488\" data-id=\"1534\" src=\"https:\/\/lo.radzanow.edu.pl\/wp-content\/uploads\/2024\/03\/432207592_407882211996653_7616982569127633821_n.jpg\" alt=\"\" class=\"wp-image-1534\" srcset=\"https:\/\/lo.radzanow.edu.pl\/wp-content\/uploads\/2024\/03\/432207592_407882211996653_7616982569127633821_n.jpg 774w, https:\/\/lo.radzanow.edu.pl\/wp-content\/uploads\/2024\/03\/432207592_407882211996653_7616982569127633821_n-300x189.jpg 300w, https:\/\/lo.radzanow.edu.pl\/wp-content\/uploads\/2024\/03\/432207592_407882211996653_7616982569127633821_n-768x484.jpg 768w\" sizes=\"auto, (max-width: 774px) 100vw, 774px\" \/><\/figure>\n\n\n\n<figure class=\"wp-block-image size-large\"><img loading=\"lazy\" decoding=\"async\" width=\"1024\" height=\"766\" data-id=\"1538\" src=\"https:\/\/lo.radzanow.edu.pl\/wp-content\/uploads\/2024\/03\/432115282_407882265329981_3390278966793012220_n-1024x766.jpg\" alt=\"\" class=\"wp-image-1538\" srcset=\"https:\/\/lo.radzanow.edu.pl\/wp-content\/uploads\/2024\/03\/432115282_407882265329981_3390278966793012220_n-1024x766.jpg 1024w, https:\/\/lo.radzanow.edu.pl\/wp-content\/uploads\/2024\/03\/432115282_407882265329981_3390278966793012220_n-300x224.jpg 300w, https:\/\/lo.radzanow.edu.pl\/wp-content\/uploads\/2024\/03\/432115282_407882265329981_3390278966793012220_n-768x575.jpg 768w, https:\/\/lo.radzanow.edu.pl\/wp-content\/uploads\/2024\/03\/432115282_407882265329981_3390278966793012220_n-1536x1149.jpg 1536w, https:\/\/lo.radzanow.edu.pl\/wp-content\/uploads\/2024\/03\/432115282_407882265329981_3390278966793012220_n.jpg 2048w\" sizes=\"auto, (max-width: 1024px) 100vw, 1024px\" \/><\/figure>\n\n\n\n<figure class=\"wp-block-image size-large\"><img loading=\"lazy\" decoding=\"async\" width=\"1024\" height=\"766\" data-id=\"1535\" src=\"https:\/\/lo.radzanow.edu.pl\/wp-content\/uploads\/2024\/03\/432151628_407882161996658_4988996959852993551_n-1024x766.jpg\" alt=\"\" class=\"wp-image-1535\" srcset=\"https:\/\/lo.radzanow.edu.pl\/wp-content\/uploads\/2024\/03\/432151628_407882161996658_4988996959852993551_n-1024x766.jpg 1024w, https:\/\/lo.radzanow.edu.pl\/wp-content\/uploads\/2024\/03\/432151628_407882161996658_4988996959852993551_n-300x224.jpg 300w, https:\/\/lo.radzanow.edu.pl\/wp-content\/uploads\/2024\/03\/432151628_407882161996658_4988996959852993551_n-768x575.jpg 768w, https:\/\/lo.radzanow.edu.pl\/wp-content\/uploads\/2024\/03\/432151628_407882161996658_4988996959852993551_n-1536x1149.jpg 1536w, https:\/\/lo.radzanow.edu.pl\/wp-content\/uploads\/2024\/03\/432151628_407882161996658_4988996959852993551_n.jpg 2048w\" sizes=\"auto, (max-width: 1024px) 100vw, 1024px\" \/><\/figure>\n\n\n\n<figure class=\"wp-block-image size-large\"><img loading=\"lazy\" decoding=\"async\" width=\"1024\" height=\"766\" data-id=\"1537\" src=\"https:\/\/lo.radzanow.edu.pl\/wp-content\/uploads\/2024\/03\/432232434_407881531996721_4316820914844623772_n-1024x766.jpg\" alt=\"\" class=\"wp-image-1537\" srcset=\"https:\/\/lo.radzanow.edu.pl\/wp-content\/uploads\/2024\/03\/432232434_407881531996721_4316820914844623772_n-1024x766.jpg 1024w, https:\/\/lo.radzanow.edu.pl\/wp-content\/uploads\/2024\/03\/432232434_407881531996721_4316820914844623772_n-300x224.jpg 300w, https:\/\/lo.radzanow.edu.pl\/wp-content\/uploads\/2024\/03\/432232434_407881531996721_4316820914844623772_n-768x575.jpg 768w, https:\/\/lo.radzanow.edu.pl\/wp-content\/uploads\/2024\/03\/432232434_407881531996721_4316820914844623772_n-1536x1149.jpg 1536w, https:\/\/lo.radzanow.edu.pl\/wp-content\/uploads\/2024\/03\/432232434_407881531996721_4316820914844623772_n.jpg 2048w\" sizes=\"auto, (max-width: 1024px) 100vw, 1024px\" \/><\/figure>\n\n\n\n<figure class=\"wp-block-image size-large\"><img loading=\"lazy\" decoding=\"async\" width=\"1024\" height=\"766\" data-id=\"1533\" src=\"https:\/\/lo.radzanow.edu.pl\/wp-content\/uploads\/2024\/03\/432099341_407881551996719_8128770054612481631_n-1024x766.jpg\" alt=\"\" class=\"wp-image-1533\" srcset=\"https:\/\/lo.radzanow.edu.pl\/wp-content\/uploads\/2024\/03\/432099341_407881551996719_8128770054612481631_n-1024x766.jpg 1024w, https:\/\/lo.radzanow.edu.pl\/wp-content\/uploads\/2024\/03\/432099341_407881551996719_8128770054612481631_n-300x224.jpg 300w, https:\/\/lo.radzanow.edu.pl\/wp-content\/uploads\/2024\/03\/432099341_407881551996719_8128770054612481631_n-768x575.jpg 768w, https:\/\/lo.radzanow.edu.pl\/wp-content\/uploads\/2024\/03\/432099341_407881551996719_8128770054612481631_n-1536x1149.jpg 1536w, https:\/\/lo.radzanow.edu.pl\/wp-content\/uploads\/2024\/03\/432099341_407881551996719_8128770054612481631_n.jpg 2048w\" sizes=\"auto, (max-width: 1024px) 100vw, 1024px\" \/><\/figure>\n\n\n\n<figure class=\"wp-block-image size-large\"><img loading=\"lazy\" decoding=\"async\" width=\"1024\" height=\"766\" data-id=\"1536\" src=\"https:\/\/lo.radzanow.edu.pl\/wp-content\/uploads\/2024\/03\/432163556_407881541996720_2257138711544023480_n-1024x766.jpg\" alt=\"\" class=\"wp-image-1536\" srcset=\"https:\/\/lo.radzanow.edu.pl\/wp-content\/uploads\/2024\/03\/432163556_407881541996720_2257138711544023480_n-1024x766.jpg 1024w, https:\/\/lo.radzanow.edu.pl\/wp-content\/uploads\/2024\/03\/432163556_407881541996720_2257138711544023480_n-300x224.jpg 300w, https:\/\/lo.radzanow.edu.pl\/wp-content\/uploads\/2024\/03\/432163556_407881541996720_2257138711544023480_n-768x575.jpg 768w, https:\/\/lo.radzanow.edu.pl\/wp-content\/uploads\/2024\/03\/432163556_407881541996720_2257138711544023480_n-1536x1149.jpg 1536w, https:\/\/lo.radzanow.edu.pl\/wp-content\/uploads\/2024\/03\/432163556_407881541996720_2257138711544023480_n.jpg 2048w\" sizes=\"auto, (max-width: 1024px) 100vw, 1024px\" \/><\/figure>\n<\/figure>\n","protected":false},"excerpt":{"rendered":"<p>Po wizycie w Narodowym Muzeum Techniki oraz wjechaniu na Taras Widokowy Pa\u0142acu Kultury i Nauki grupa przesz\u0142a do Teatru Polskiego aby w ramach programu \u201eKulturalna szko\u0142a na Mazowszu\u201d obejrze\u0107 spektakl ,,TANGO\u201d O czym jest \u201eTango\u201d? O spo\u0142ecze\u0144stwie. O teatrze i artystach. O wolno\u015bci. O warto\u015bciach. O w\u0142adzy. \u201eTango\u201d to tak\u017ce opowie\u015b\u0107 o ludziach, kt\u00f3rzy stoj\u0105 za kszta\u0142tem \u015bwiata \u2013 porz\u0105dkiem, [&hellip;]<\/p>\n","protected":false},"author":1,"featured_media":1537,"comment_status":"closed","ping_status":"closed","sticky":false,"template":"","format":"standard","meta":{"footnotes":""},"categories":[6],"tags":[],"class_list":["post-1532","post","type-post","status-publish","format-standard","has-post-thumbnail","hentry","category-aktualnosci"],"yoast_head":"<!-- This site is optimized with the Yoast SEO plugin v19.14 - https:\/\/yoast.com\/wordpress\/plugins\/seo\/ -->\n<title>Liceum Og\u00f3lnokszta\u0142c\u0105ce w Radzanowie<\/title>\n<meta name=\"description\" content=\"Poznaj szko\u0142\u0119, kt\u00f3ra jest drabin\u0105 do nowoczesnego \u015bwiata.\" \/>\n<meta name=\"robots\" content=\"index, follow, max-snippet:-1, max-image-preview:large, max-video-preview:-1\" \/>\n<link rel=\"canonical\" href=\"https:\/\/lo.radzanow.edu.pl\/?p=1532\" \/>\n<meta property=\"og:locale\" content=\"en_US\" \/>\n<meta property=\"og:type\" content=\"article\" \/>\n<meta property=\"og:title\" content=\"Liceum Og\u00f3lnokszta\u0142c\u0105ce w Radzanowie\" \/>\n<meta property=\"og:description\" content=\"Poznaj szko\u0142\u0119, kt\u00f3ra jest drabin\u0105 do nowoczesnego \u015bwiata.\" \/>\n<meta property=\"og:url\" content=\"https:\/\/lo.radzanow.edu.pl\/?p=1532\" \/>\n<meta property=\"og:site_name\" content=\"Liceum Og\u00f3lnokszta\u0142c\u0105ce w Radzanowie\" \/>\n<meta property=\"article:publisher\" content=\"https:\/\/www.facebook.com\/loradzanow\" \/>\n<meta property=\"article:published_time\" content=\"2024-03-27T11:53:26+00:00\" \/>\n<meta property=\"article:modified_time\" content=\"2024-03-27T11:53:27+00:00\" \/>\n<meta property=\"og:image\" content=\"https:\/\/lo.radzanow.edu.pl\/wp-content\/uploads\/2024\/03\/432232434_407881531996721_4316820914844623772_n.jpg\" \/>\n\t<meta property=\"og:image:width\" content=\"2048\" \/>\n\t<meta property=\"og:image:height\" content=\"1532\" \/>\n\t<meta property=\"og:image:type\" content=\"image\/jpeg\" \/>\n<meta name=\"author\" content=\"loadmin\" \/>\n<meta name=\"twitter:card\" content=\"summary_large_image\" \/>\n<meta name=\"twitter:label1\" content=\"Written by\" \/>\n\t<meta name=\"twitter:data1\" content=\"loadmin\" \/>\n\t<meta name=\"twitter:label2\" content=\"Est. reading time\" \/>\n\t<meta name=\"twitter:data2\" content=\"1 minute\" \/>\n<script type=\"application\/ld+json\" class=\"yoast-schema-graph\">{\"@context\":\"https:\/\/schema.org\",\"@graph\":[{\"@type\":[\"Article\",\"BlogPosting\"],\"@id\":\"https:\/\/lo.radzanow.edu.pl\/?p=1532#article\",\"isPartOf\":{\"@id\":\"https:\/\/lo.radzanow.edu.pl\/?p=1532\"},\"author\":{\"name\":\"loadmin\",\"@id\":\"https:\/\/lo.radzanow.edu.pl\/#\/schema\/person\/b561cb48c33cafb7abfbc20a86cbe752\"},\"headline\":\"We wtorek, 26 marca m\u0142odzie\u017c z naszego liceum uda\u0142a si\u0119 na wycieczk\u0119 do Warszawy\",\"datePublished\":\"2024-03-27T11:53:26+00:00\",\"dateModified\":\"2024-03-27T11:53:27+00:00\",\"mainEntityOfPage\":{\"@id\":\"https:\/\/lo.radzanow.edu.pl\/?p=1532\"},\"wordCount\":146,\"publisher\":{\"@id\":\"https:\/\/lo.radzanow.edu.pl\/#organization\"},\"articleSection\":[\"Aktualno\u015bci\"],\"inLanguage\":\"en-US\"},{\"@type\":\"WebPage\",\"@id\":\"https:\/\/lo.radzanow.edu.pl\/?p=1532\",\"url\":\"https:\/\/lo.radzanow.edu.pl\/?p=1532\",\"name\":\"Liceum Og\u00f3lnokszta\u0142c\u0105ce w Radzanowie\",\"isPartOf\":{\"@id\":\"https:\/\/lo.radzanow.edu.pl\/#website\"},\"datePublished\":\"2024-03-27T11:53:26+00:00\",\"dateModified\":\"2024-03-27T11:53:27+00:00\",\"description\":\"Poznaj szko\u0142\u0119, kt\u00f3ra jest drabin\u0105 do nowoczesnego \u015bwiata.\",\"breadcrumb\":{\"@id\":\"https:\/\/lo.radzanow.edu.pl\/?p=1532#breadcrumb\"},\"inLanguage\":\"en-US\",\"potentialAction\":[{\"@type\":\"ReadAction\",\"target\":[\"https:\/\/lo.radzanow.edu.pl\/?p=1532\"]}]},{\"@type\":\"BreadcrumbList\",\"@id\":\"https:\/\/lo.radzanow.edu.pl\/?p=1532#breadcrumb\",\"itemListElement\":[{\"@type\":\"ListItem\",\"position\":1,\"name\":\"Strona g\u0142\u00f3wna\",\"item\":\"https:\/\/lo.radzanow.edu.pl\/\"},{\"@type\":\"ListItem\",\"position\":2,\"name\":\"We wtorek, 26 marca m\u0142odzie\u017c z naszego liceum uda\u0142a si\u0119 na wycieczk\u0119 do Warszawy\"}]},{\"@type\":\"WebSite\",\"@id\":\"https:\/\/lo.radzanow.edu.pl\/#website\",\"url\":\"https:\/\/lo.radzanow.edu.pl\/\",\"name\":\"Liceum Og\u00f3lnokszta\u0142c\u0105ce w Radzanowie\",\"description\":\"Poznaj szko\u0142\u0119, kt\u00f3ra jest drabin\u0105 do nowoczesnego \u015bwiata\",\"publisher\":{\"@id\":\"https:\/\/lo.radzanow.edu.pl\/#organization\"},\"potentialAction\":[{\"@type\":\"SearchAction\",\"target\":{\"@type\":\"EntryPoint\",\"urlTemplate\":\"https:\/\/lo.radzanow.edu.pl\/?s={search_term_string}\"},\"query-input\":\"required name=search_term_string\"}],\"inLanguage\":\"en-US\"},{\"@type\":\"Organization\",\"@id\":\"https:\/\/lo.radzanow.edu.pl\/#organization\",\"name\":\"Liceum Og\u00f3lnokszta\u0142c\u0105ce w Radzanowie\",\"url\":\"https:\/\/lo.radzanow.edu.pl\/\",\"logo\":{\"@type\":\"ImageObject\",\"inLanguage\":\"en-US\",\"@id\":\"https:\/\/lo.radzanow.edu.pl\/#\/schema\/logo\/image\/\",\"url\":\"https:\/\/lo.radzanow.edu.pl\/wp-content\/uploads\/2022\/04\/cropped-logo9.png\",\"contentUrl\":\"https:\/\/lo.radzanow.edu.pl\/wp-content\/uploads\/2022\/04\/cropped-logo9.png\",\"width\":274,\"height\":52,\"caption\":\"Liceum Og\u00f3lnokszta\u0142c\u0105ce w Radzanowie\"},\"image\":{\"@id\":\"https:\/\/lo.radzanow.edu.pl\/#\/schema\/logo\/image\/\"},\"sameAs\":[\"https:\/\/www.instagram.com\/lo_radzanow\/\",\"https:\/\/www.facebook.com\/loradzanow\"]},{\"@type\":\"Person\",\"@id\":\"https:\/\/lo.radzanow.edu.pl\/#\/schema\/person\/b561cb48c33cafb7abfbc20a86cbe752\",\"name\":\"loadmin\",\"image\":{\"@type\":\"ImageObject\",\"inLanguage\":\"en-US\",\"@id\":\"https:\/\/lo.radzanow.edu.pl\/#\/schema\/person\/image\/\",\"url\":\"https:\/\/secure.gravatar.com\/avatar\/9623853edc10af47936706dcb9b0679b7258b5abd97dae411023ec99439ff58d?s=96&d=mm&r=g\",\"contentUrl\":\"https:\/\/secure.gravatar.com\/avatar\/9623853edc10af47936706dcb9b0679b7258b5abd97dae411023ec99439ff58d?s=96&d=mm&r=g\",\"caption\":\"loadmin\"},\"sameAs\":[\"http:\/\/lo.radzanow.edu.pl\"],\"url\":\"https:\/\/lo.radzanow.edu.pl\/?author=1\"}]}<\/script>\n<!-- \/ Yoast SEO plugin. -->","yoast_head_json":{"title":"Liceum Og\u00f3lnokszta\u0142c\u0105ce w Radzanowie","description":"Poznaj szko\u0142\u0119, kt\u00f3ra jest drabin\u0105 do nowoczesnego \u015bwiata.","robots":{"index":"index","follow":"follow","max-snippet":"max-snippet:-1","max-image-preview":"max-image-preview:large","max-video-preview":"max-video-preview:-1"},"canonical":"https:\/\/lo.radzanow.edu.pl\/?p=1532","og_locale":"en_US","og_type":"article","og_title":"Liceum Og\u00f3lnokszta\u0142c\u0105ce w Radzanowie","og_description":"Poznaj szko\u0142\u0119, kt\u00f3ra jest drabin\u0105 do nowoczesnego \u015bwiata.","og_url":"https:\/\/lo.radzanow.edu.pl\/?p=1532","og_site_name":"Liceum Og\u00f3lnokszta\u0142c\u0105ce w Radzanowie","article_publisher":"https:\/\/www.facebook.com\/loradzanow","article_published_time":"2024-03-27T11:53:26+00:00","article_modified_time":"2024-03-27T11:53:27+00:00","og_image":[{"width":2048,"height":1532,"url":"https:\/\/lo.radzanow.edu.pl\/wp-content\/uploads\/2024\/03\/432232434_407881531996721_4316820914844623772_n.jpg","type":"image\/jpeg"}],"author":"loadmin","twitter_card":"summary_large_image","twitter_misc":{"Written by":"loadmin","Est. reading time":"1 minute"},"schema":{"@context":"https:\/\/schema.org","@graph":[{"@type":["Article","BlogPosting"],"@id":"https:\/\/lo.radzanow.edu.pl\/?p=1532#article","isPartOf":{"@id":"https:\/\/lo.radzanow.edu.pl\/?p=1532"},"author":{"name":"loadmin","@id":"https:\/\/lo.radzanow.edu.pl\/#\/schema\/person\/b561cb48c33cafb7abfbc20a86cbe752"},"headline":"We wtorek, 26 marca m\u0142odzie\u017c z naszego liceum uda\u0142a si\u0119 na wycieczk\u0119 do Warszawy","datePublished":"2024-03-27T11:53:26+00:00","dateModified":"2024-03-27T11:53:27+00:00","mainEntityOfPage":{"@id":"https:\/\/lo.radzanow.edu.pl\/?p=1532"},"wordCount":146,"publisher":{"@id":"https:\/\/lo.radzanow.edu.pl\/#organization"},"articleSection":["Aktualno\u015bci"],"inLanguage":"en-US"},{"@type":"WebPage","@id":"https:\/\/lo.radzanow.edu.pl\/?p=1532","url":"https:\/\/lo.radzanow.edu.pl\/?p=1532","name":"Liceum Og\u00f3lnokszta\u0142c\u0105ce w Radzanowie","isPartOf":{"@id":"https:\/\/lo.radzanow.edu.pl\/#website"},"datePublished":"2024-03-27T11:53:26+00:00","dateModified":"2024-03-27T11:53:27+00:00","description":"Poznaj szko\u0142\u0119, kt\u00f3ra jest drabin\u0105 do nowoczesnego \u015bwiata.","breadcrumb":{"@id":"https:\/\/lo.radzanow.edu.pl\/?p=1532#breadcrumb"},"inLanguage":"en-US","potentialAction":[{"@type":"ReadAction","target":["https:\/\/lo.radzanow.edu.pl\/?p=1532"]}]},{"@type":"BreadcrumbList","@id":"https:\/\/lo.radzanow.edu.pl\/?p=1532#breadcrumb","itemListElement":[{"@type":"ListItem","position":1,"name":"Strona g\u0142\u00f3wna","item":"https:\/\/lo.radzanow.edu.pl\/"},{"@type":"ListItem","position":2,"name":"We wtorek, 26 marca m\u0142odzie\u017c z naszego liceum uda\u0142a si\u0119 na wycieczk\u0119 do Warszawy"}]},{"@type":"WebSite","@id":"https:\/\/lo.radzanow.edu.pl\/#website","url":"https:\/\/lo.radzanow.edu.pl\/","name":"Liceum Og\u00f3lnokszta\u0142c\u0105ce w Radzanowie","description":"Poznaj szko\u0142\u0119, kt\u00f3ra jest drabin\u0105 do nowoczesnego \u015bwiata","publisher":{"@id":"https:\/\/lo.radzanow.edu.pl\/#organization"},"potentialAction":[{"@type":"SearchAction","target":{"@type":"EntryPoint","urlTemplate":"https:\/\/lo.radzanow.edu.pl\/?s={search_term_string}"},"query-input":"required name=search_term_string"}],"inLanguage":"en-US"},{"@type":"Organization","@id":"https:\/\/lo.radzanow.edu.pl\/#organization","name":"Liceum Og\u00f3lnokszta\u0142c\u0105ce w Radzanowie","url":"https:\/\/lo.radzanow.edu.pl\/","logo":{"@type":"ImageObject","inLanguage":"en-US","@id":"https:\/\/lo.radzanow.edu.pl\/#\/schema\/logo\/image\/","url":"https:\/\/lo.radzanow.edu.pl\/wp-content\/uploads\/2022\/04\/cropped-logo9.png","contentUrl":"https:\/\/lo.radzanow.edu.pl\/wp-content\/uploads\/2022\/04\/cropped-logo9.png","width":274,"height":52,"caption":"Liceum Og\u00f3lnokszta\u0142c\u0105ce w Radzanowie"},"image":{"@id":"https:\/\/lo.radzanow.edu.pl\/#\/schema\/logo\/image\/"},"sameAs":["https:\/\/www.instagram.com\/lo_radzanow\/","https:\/\/www.facebook.com\/loradzanow"]},{"@type":"Person","@id":"https:\/\/lo.radzanow.edu.pl\/#\/schema\/person\/b561cb48c33cafb7abfbc20a86cbe752","name":"loadmin","image":{"@type":"ImageObject","inLanguage":"en-US","@id":"https:\/\/lo.radzanow.edu.pl\/#\/schema\/person\/image\/","url":"https:\/\/secure.gravatar.com\/avatar\/9623853edc10af47936706dcb9b0679b7258b5abd97dae411023ec99439ff58d?s=96&d=mm&r=g","contentUrl":"https:\/\/secure.gravatar.com\/avatar\/9623853edc10af47936706dcb9b0679b7258b5abd97dae411023ec99439ff58d?s=96&d=mm&r=g","caption":"loadmin"},"sameAs":["http:\/\/lo.radzanow.edu.pl"],"url":"https:\/\/lo.radzanow.edu.pl\/?author=1"}]}},"_links":{"self":[{"href":"https:\/\/lo.radzanow.edu.pl\/index.php?rest_route=\/wp\/v2\/posts\/1532","targetHints":{"allow":["GET"]}}],"collection":[{"href":"https:\/\/lo.radzanow.edu.pl\/index.php?rest_route=\/wp\/v2\/posts"}],"about":[{"href":"https:\/\/lo.radzanow.edu.pl\/index.php?rest_route=\/wp\/v2\/types\/post"}],"author":[{"embeddable":true,"href":"https:\/\/lo.radzanow.edu.pl\/index.php?rest_route=\/wp\/v2\/users\/1"}],"replies":[{"embeddable":true,"href":"https:\/\/lo.radzanow.edu.pl\/index.php?rest_route=%2Fwp%2Fv2%2Fcomments&post=1532"}],"version-history":[{"count":1,"href":"https:\/\/lo.radzanow.edu.pl\/index.php?rest_route=\/wp\/v2\/posts\/1532\/revisions"}],"predecessor-version":[{"id":1539,"href":"https:\/\/lo.radzanow.edu.pl\/index.php?rest_route=\/wp\/v2\/posts\/1532\/revisions\/1539"}],"wp:featuredmedia":[{"embeddable":true,"href":"https:\/\/lo.radzanow.edu.pl\/index.php?rest_route=\/wp\/v2\/media\/1537"}],"wp:attachment":[{"href":"https:\/\/lo.radzanow.edu.pl\/index.php?rest_route=%2Fwp%2Fv2%2Fmedia&parent=1532"}],"wp:term":[{"taxonomy":"category","embeddable":true,"href":"https:\/\/lo.radzanow.edu.pl\/index.php?rest_route=%2Fwp%2Fv2%2Fcategories&post=1532"},{"taxonomy":"post_tag","embeddable":true,"href":"https:\/\/lo.radzanow.edu.pl\/index.php?rest_route=%2Fwp%2Fv2%2Ftags&post=1532"}],"curies":[{"name":"wp","href":"https:\/\/api.w.org\/{rel}","templated":true}]}}