{"id":1968,"date":"2024-12-08T18:26:40","date_gmt":"2024-12-08T17:26:40","guid":{"rendered":"https:\/\/lo.radzanow.edu.pl\/?p=1968"},"modified":"2024-12-08T18:31:47","modified_gmt":"2024-12-08T17:31:47","slug":"mikolajkowy-koncert-charytatywny-zespolu-szkol-w-radzanowie-juz-za-nami","status":"publish","type":"post","link":"https:\/\/lo.radzanow.edu.pl\/?p=1968","title":{"rendered":"Miko\u0142ajkowy Koncert Charytatywny Zespo\u0142u Szk\u00f3\u0142 w Radzanowie ju\u017c za\u00a0nami."},"content":{"rendered":"\n<p>Miko\u0142ajkowy Koncert Charytatywny Zespo\u0142u Szk\u00f3\u0142 w Radzanowie ju\u017c za\u00a0nami, z\u00a0tego miejsca chcieliby\u015bmy z\u00a0ca\u0142ego serca podzi\u0119kowa\u0107 ka\u017cdemu z\u00a0Was za wsparcie i\u00a0zaanga\u017cowanie, kt\u00f3re sprawi\u0142y, \u017ce\u00a0to\u00a0wydarzenie by\u0142o nie\u00a0tylko\u00a0wyj\u0105tkowe, ale\u00a0tak\u017ce pe\u0142ne emocji i\u00a0pozytywnych prze\u017cy\u0107. <\/p>\n\n\n\n<p><strong>Bez\u00a0Was by\u00a0si\u0119 to\u00a0nie\u00a0uda\u0142o.<\/strong> <\/p>\n\n\n\n<p>Dajecie nam si\u0142\u0119 do\u00a0dzia\u0142ania.<\/p>\n\n\n\n<p>Dzi\u0119ki Waszej hojno\u015bci i&nbsp;oddaniu uda\u0142o nam si\u0119 zgromadzi\u0107 \u015brodki, kt\u00f3re przeznaczymy na pomoc \u015bwi\u0105teczn\u0105 potrzebuj\u0105cym osobom.<\/p>\n\n\n\n<p>Uda\u0142o nam si\u0119 zebra\u0107 <strong>7&nbsp;650,22z\u0142<\/strong><\/p>\n\n\n\n<p>Niech&nbsp;Wasza \u017cyczliwo\u015b\u0107 i&nbsp;dobro\u0107 wracaj\u0105 do&nbsp;Was stokrotnie. Raz jeszcze, ogromne podzi\u0119kowania dla wszystkich, kt\u00f3rzy&nbsp;przyczynili si\u0119 do&nbsp;sukcesu tego wydarzenia. Dobrze, \u017ce&nbsp;jeste\u015bcie!<\/p>\n\n\n\n<p><\/p>\n\n<iframe loading=\"lazy\" width=\"560\" height=\"315\" src=\"https:\/\/www.youtube.com\/embed\/ZKeXHfRzaLs?si=Ufb51qeQ2CfGWOpo\" title=\"YouTube video player\" frameborder=\"0\" allow=\"accelerometer; autoplay; clipboard-write; encrypted-media; gyroscope; picture-in-picture; web-share\" referrerpolicy=\"strict-origin-when-cross-origin\" allowfullscreen><\/iframe>","protected":false},"excerpt":{"rendered":"<p>Miko\u0142ajkowy Koncert Charytatywny Zespo\u0142u Szk\u00f3\u0142 w Radzanowie ju\u017c za\u00a0nami, z\u00a0tego miejsca chcieliby\u015bmy z\u00a0ca\u0142ego serca podzi\u0119kowa\u0107 ka\u017cdemu z\u00a0Was za wsparcie i\u00a0zaanga\u017cowanie, kt\u00f3re sprawi\u0142y, \u017ce\u00a0to\u00a0wydarzenie by\u0142o nie\u00a0tylko\u00a0wyj\u0105tkowe, ale\u00a0tak\u017ce pe\u0142ne emocji i\u00a0pozytywnych prze\u017cy\u0107. Bez\u00a0Was by\u00a0si\u0119 to\u00a0nie\u00a0uda\u0142o. Dajecie nam si\u0142\u0119 do\u00a0dzia\u0142ania. Dzi\u0119ki Waszej hojno\u015bci i&nbsp;oddaniu uda\u0142o nam si\u0119 zgromadzi\u0107 \u015brodki, kt\u00f3re przeznaczymy na pomoc \u015bwi\u0105teczn\u0105 potrzebuj\u0105cym osobom. Uda\u0142o nam si\u0119 zebra\u0107 7&nbsp;650,22z\u0142 Niech&nbsp;Wasza \u017cyczliwo\u015b\u0107 [&hellip;]<\/p>\n","protected":false},"author":1,"featured_media":1969,"comment_status":"open","ping_status":"open","sticky":false,"template":"","format":"standard","meta":{"footnotes":""},"categories":[6,1],"tags":[],"class_list":["post-1968","post","type-post","status-publish","format-standard","has-post-thumbnail","hentry","category-aktualnosci","category-bez-kategorii"],"yoast_head":"<!-- This site is optimized with the Yoast SEO plugin v19.14 - https:\/\/yoast.com\/wordpress\/plugins\/seo\/ -->\n<title>Liceum Og\u00f3lnokszta\u0142c\u0105ce w Radzanowie<\/title>\n<meta name=\"description\" content=\"Poznaj szko\u0142\u0119, kt\u00f3ra jest drabin\u0105 do nowoczesnego \u015bwiata.\" \/>\n<meta name=\"robots\" content=\"index, follow, max-snippet:-1, max-image-preview:large, max-video-preview:-1\" \/>\n<link rel=\"canonical\" href=\"https:\/\/lo.radzanow.edu.pl\/?p=1968\" \/>\n<meta property=\"og:locale\" content=\"en_US\" \/>\n<meta property=\"og:type\" content=\"article\" \/>\n<meta property=\"og:title\" content=\"Liceum Og\u00f3lnokszta\u0142c\u0105ce w Radzanowie\" \/>\n<meta property=\"og:description\" content=\"Poznaj szko\u0142\u0119, kt\u00f3ra jest drabin\u0105 do nowoczesnego \u015bwiata.\" \/>\n<meta property=\"og:url\" content=\"https:\/\/lo.radzanow.edu.pl\/?p=1968\" \/>\n<meta property=\"og:site_name\" content=\"Liceum Og\u00f3lnokszta\u0142c\u0105ce w Radzanowie\" \/>\n<meta property=\"article:publisher\" content=\"https:\/\/www.facebook.com\/loradzanow\" \/>\n<meta property=\"article:published_time\" content=\"2024-12-08T17:26:40+00:00\" \/>\n<meta property=\"article:modified_time\" content=\"2024-12-08T17:31:47+00:00\" \/>\n<meta property=\"og:image\" content=\"https:\/\/lo.radzanow.edu.pl\/wp-content\/uploads\/2024\/12\/1.jpg\" \/>\n\t<meta property=\"og:image:width\" content=\"2484\" \/>\n\t<meta property=\"og:image:height\" content=\"1397\" \/>\n\t<meta property=\"og:image:type\" content=\"image\/jpeg\" \/>\n<meta name=\"author\" content=\"loadmin\" \/>\n<meta name=\"twitter:card\" content=\"summary_large_image\" \/>\n<meta name=\"twitter:label1\" content=\"Written by\" \/>\n\t<meta name=\"twitter:data1\" content=\"loadmin\" \/>\n\t<meta name=\"twitter:label2\" content=\"Est. reading time\" \/>\n\t<meta name=\"twitter:data2\" content=\"1 minute\" \/>\n<script type=\"application\/ld+json\" class=\"yoast-schema-graph\">{\"@context\":\"https:\/\/schema.org\",\"@graph\":[{\"@type\":[\"Article\",\"BlogPosting\"],\"@id\":\"https:\/\/lo.radzanow.edu.pl\/?p=1968#article\",\"isPartOf\":{\"@id\":\"https:\/\/lo.radzanow.edu.pl\/?p=1968\"},\"author\":{\"name\":\"loadmin\",\"@id\":\"https:\/\/lo.radzanow.edu.pl\/#\/schema\/person\/b561cb48c33cafb7abfbc20a86cbe752\"},\"headline\":\"Miko\u0142ajkowy Koncert Charytatywny Zespo\u0142u Szk\u00f3\u0142 w Radzanowie ju\u017c za\u00a0nami.\",\"datePublished\":\"2024-12-08T17:26:40+00:00\",\"dateModified\":\"2024-12-08T17:31:47+00:00\",\"mainEntityOfPage\":{\"@id\":\"https:\/\/lo.radzanow.edu.pl\/?p=1968\"},\"wordCount\":146,\"commentCount\":0,\"publisher\":{\"@id\":\"https:\/\/lo.radzanow.edu.pl\/#organization\"},\"articleSection\":[\"Aktualno\u015bci\",\"Bez kategorii\"],\"inLanguage\":\"en-US\",\"potentialAction\":[{\"@type\":\"CommentAction\",\"name\":\"Comment\",\"target\":[\"https:\/\/lo.radzanow.edu.pl\/?p=1968#respond\"]}]},{\"@type\":\"WebPage\",\"@id\":\"https:\/\/lo.radzanow.edu.pl\/?p=1968\",\"url\":\"https:\/\/lo.radzanow.edu.pl\/?p=1968\",\"name\":\"Liceum Og\u00f3lnokszta\u0142c\u0105ce w Radzanowie\",\"isPartOf\":{\"@id\":\"https:\/\/lo.radzanow.edu.pl\/#website\"},\"datePublished\":\"2024-12-08T17:26:40+00:00\",\"dateModified\":\"2024-12-08T17:31:47+00:00\",\"description\":\"Poznaj szko\u0142\u0119, kt\u00f3ra jest drabin\u0105 do nowoczesnego \u015bwiata.\",\"breadcrumb\":{\"@id\":\"https:\/\/lo.radzanow.edu.pl\/?p=1968#breadcrumb\"},\"inLanguage\":\"en-US\",\"potentialAction\":[{\"@type\":\"ReadAction\",\"target\":[\"https:\/\/lo.radzanow.edu.pl\/?p=1968\"]}]},{\"@type\":\"BreadcrumbList\",\"@id\":\"https:\/\/lo.radzanow.edu.pl\/?p=1968#breadcrumb\",\"itemListElement\":[{\"@type\":\"ListItem\",\"position\":1,\"name\":\"Strona g\u0142\u00f3wna\",\"item\":\"https:\/\/lo.radzanow.edu.pl\/\"},{\"@type\":\"ListItem\",\"position\":2,\"name\":\"Miko\u0142ajkowy Koncert Charytatywny Zespo\u0142u Szk\u00f3\u0142 w Radzanowie ju\u017c za\u00a0nami.\"}]},{\"@type\":\"WebSite\",\"@id\":\"https:\/\/lo.radzanow.edu.pl\/#website\",\"url\":\"https:\/\/lo.radzanow.edu.pl\/\",\"name\":\"Liceum Og\u00f3lnokszta\u0142c\u0105ce w Radzanowie\",\"description\":\"Poznaj szko\u0142\u0119, kt\u00f3ra jest drabin\u0105 do nowoczesnego \u015bwiata\",\"publisher\":{\"@id\":\"https:\/\/lo.radzanow.edu.pl\/#organization\"},\"potentialAction\":[{\"@type\":\"SearchAction\",\"target\":{\"@type\":\"EntryPoint\",\"urlTemplate\":\"https:\/\/lo.radzanow.edu.pl\/?s={search_term_string}\"},\"query-input\":\"required name=search_term_string\"}],\"inLanguage\":\"en-US\"},{\"@type\":\"Organization\",\"@id\":\"https:\/\/lo.radzanow.edu.pl\/#organization\",\"name\":\"Liceum Og\u00f3lnokszta\u0142c\u0105ce w Radzanowie\",\"url\":\"https:\/\/lo.radzanow.edu.pl\/\",\"logo\":{\"@type\":\"ImageObject\",\"inLanguage\":\"en-US\",\"@id\":\"https:\/\/lo.radzanow.edu.pl\/#\/schema\/logo\/image\/\",\"url\":\"https:\/\/lo.radzanow.edu.pl\/wp-content\/uploads\/2022\/04\/cropped-logo9.png\",\"contentUrl\":\"https:\/\/lo.radzanow.edu.pl\/wp-content\/uploads\/2022\/04\/cropped-logo9.png\",\"width\":274,\"height\":52,\"caption\":\"Liceum Og\u00f3lnokszta\u0142c\u0105ce w Radzanowie\"},\"image\":{\"@id\":\"https:\/\/lo.radzanow.edu.pl\/#\/schema\/logo\/image\/\"},\"sameAs\":[\"https:\/\/www.instagram.com\/lo_radzanow\/\",\"https:\/\/www.facebook.com\/loradzanow\"]},{\"@type\":\"Person\",\"@id\":\"https:\/\/lo.radzanow.edu.pl\/#\/schema\/person\/b561cb48c33cafb7abfbc20a86cbe752\",\"name\":\"loadmin\",\"image\":{\"@type\":\"ImageObject\",\"inLanguage\":\"en-US\",\"@id\":\"https:\/\/lo.radzanow.edu.pl\/#\/schema\/person\/image\/\",\"url\":\"https:\/\/secure.gravatar.com\/avatar\/9623853edc10af47936706dcb9b0679b7258b5abd97dae411023ec99439ff58d?s=96&d=mm&r=g\",\"contentUrl\":\"https:\/\/secure.gravatar.com\/avatar\/9623853edc10af47936706dcb9b0679b7258b5abd97dae411023ec99439ff58d?s=96&d=mm&r=g\",\"caption\":\"loadmin\"},\"sameAs\":[\"http:\/\/lo.radzanow.edu.pl\"],\"url\":\"https:\/\/lo.radzanow.edu.pl\/?author=1\"}]}<\/script>\n<!-- \/ Yoast SEO plugin. -->","yoast_head_json":{"title":"Liceum Og\u00f3lnokszta\u0142c\u0105ce w Radzanowie","description":"Poznaj szko\u0142\u0119, kt\u00f3ra jest drabin\u0105 do nowoczesnego \u015bwiata.","robots":{"index":"index","follow":"follow","max-snippet":"max-snippet:-1","max-image-preview":"max-image-preview:large","max-video-preview":"max-video-preview:-1"},"canonical":"https:\/\/lo.radzanow.edu.pl\/?p=1968","og_locale":"en_US","og_type":"article","og_title":"Liceum Og\u00f3lnokszta\u0142c\u0105ce w Radzanowie","og_description":"Poznaj szko\u0142\u0119, kt\u00f3ra jest drabin\u0105 do nowoczesnego \u015bwiata.","og_url":"https:\/\/lo.radzanow.edu.pl\/?p=1968","og_site_name":"Liceum Og\u00f3lnokszta\u0142c\u0105ce w Radzanowie","article_publisher":"https:\/\/www.facebook.com\/loradzanow","article_published_time":"2024-12-08T17:26:40+00:00","article_modified_time":"2024-12-08T17:31:47+00:00","og_image":[{"width":2484,"height":1397,"url":"https:\/\/lo.radzanow.edu.pl\/wp-content\/uploads\/2024\/12\/1.jpg","type":"image\/jpeg"}],"author":"loadmin","twitter_card":"summary_large_image","twitter_misc":{"Written by":"loadmin","Est. reading time":"1 minute"},"schema":{"@context":"https:\/\/schema.org","@graph":[{"@type":["Article","BlogPosting"],"@id":"https:\/\/lo.radzanow.edu.pl\/?p=1968#article","isPartOf":{"@id":"https:\/\/lo.radzanow.edu.pl\/?p=1968"},"author":{"name":"loadmin","@id":"https:\/\/lo.radzanow.edu.pl\/#\/schema\/person\/b561cb48c33cafb7abfbc20a86cbe752"},"headline":"Miko\u0142ajkowy Koncert Charytatywny Zespo\u0142u Szk\u00f3\u0142 w Radzanowie ju\u017c za\u00a0nami.","datePublished":"2024-12-08T17:26:40+00:00","dateModified":"2024-12-08T17:31:47+00:00","mainEntityOfPage":{"@id":"https:\/\/lo.radzanow.edu.pl\/?p=1968"},"wordCount":146,"commentCount":0,"publisher":{"@id":"https:\/\/lo.radzanow.edu.pl\/#organization"},"articleSection":["Aktualno\u015bci","Bez kategorii"],"inLanguage":"en-US","potentialAction":[{"@type":"CommentAction","name":"Comment","target":["https:\/\/lo.radzanow.edu.pl\/?p=1968#respond"]}]},{"@type":"WebPage","@id":"https:\/\/lo.radzanow.edu.pl\/?p=1968","url":"https:\/\/lo.radzanow.edu.pl\/?p=1968","name":"Liceum Og\u00f3lnokszta\u0142c\u0105ce w Radzanowie","isPartOf":{"@id":"https:\/\/lo.radzanow.edu.pl\/#website"},"datePublished":"2024-12-08T17:26:40+00:00","dateModified":"2024-12-08T17:31:47+00:00","description":"Poznaj szko\u0142\u0119, kt\u00f3ra jest drabin\u0105 do nowoczesnego \u015bwiata.","breadcrumb":{"@id":"https:\/\/lo.radzanow.edu.pl\/?p=1968#breadcrumb"},"inLanguage":"en-US","potentialAction":[{"@type":"ReadAction","target":["https:\/\/lo.radzanow.edu.pl\/?p=1968"]}]},{"@type":"BreadcrumbList","@id":"https:\/\/lo.radzanow.edu.pl\/?p=1968#breadcrumb","itemListElement":[{"@type":"ListItem","position":1,"name":"Strona g\u0142\u00f3wna","item":"https:\/\/lo.radzanow.edu.pl\/"},{"@type":"ListItem","position":2,"name":"Miko\u0142ajkowy Koncert Charytatywny Zespo\u0142u Szk\u00f3\u0142 w Radzanowie ju\u017c za\u00a0nami."}]},{"@type":"WebSite","@id":"https:\/\/lo.radzanow.edu.pl\/#website","url":"https:\/\/lo.radzanow.edu.pl\/","name":"Liceum Og\u00f3lnokszta\u0142c\u0105ce w Radzanowie","description":"Poznaj szko\u0142\u0119, kt\u00f3ra jest drabin\u0105 do nowoczesnego \u015bwiata","publisher":{"@id":"https:\/\/lo.radzanow.edu.pl\/#organization"},"potentialAction":[{"@type":"SearchAction","target":{"@type":"EntryPoint","urlTemplate":"https:\/\/lo.radzanow.edu.pl\/?s={search_term_string}"},"query-input":"required name=search_term_string"}],"inLanguage":"en-US"},{"@type":"Organization","@id":"https:\/\/lo.radzanow.edu.pl\/#organization","name":"Liceum Og\u00f3lnokszta\u0142c\u0105ce w Radzanowie","url":"https:\/\/lo.radzanow.edu.pl\/","logo":{"@type":"ImageObject","inLanguage":"en-US","@id":"https:\/\/lo.radzanow.edu.pl\/#\/schema\/logo\/image\/","url":"https:\/\/lo.radzanow.edu.pl\/wp-content\/uploads\/2022\/04\/cropped-logo9.png","contentUrl":"https:\/\/lo.radzanow.edu.pl\/wp-content\/uploads\/2022\/04\/cropped-logo9.png","width":274,"height":52,"caption":"Liceum Og\u00f3lnokszta\u0142c\u0105ce w Radzanowie"},"image":{"@id":"https:\/\/lo.radzanow.edu.pl\/#\/schema\/logo\/image\/"},"sameAs":["https:\/\/www.instagram.com\/lo_radzanow\/","https:\/\/www.facebook.com\/loradzanow"]},{"@type":"Person","@id":"https:\/\/lo.radzanow.edu.pl\/#\/schema\/person\/b561cb48c33cafb7abfbc20a86cbe752","name":"loadmin","image":{"@type":"ImageObject","inLanguage":"en-US","@id":"https:\/\/lo.radzanow.edu.pl\/#\/schema\/person\/image\/","url":"https:\/\/secure.gravatar.com\/avatar\/9623853edc10af47936706dcb9b0679b7258b5abd97dae411023ec99439ff58d?s=96&d=mm&r=g","contentUrl":"https:\/\/secure.gravatar.com\/avatar\/9623853edc10af47936706dcb9b0679b7258b5abd97dae411023ec99439ff58d?s=96&d=mm&r=g","caption":"loadmin"},"sameAs":["http:\/\/lo.radzanow.edu.pl"],"url":"https:\/\/lo.radzanow.edu.pl\/?author=1"}]}},"_links":{"self":[{"href":"https:\/\/lo.radzanow.edu.pl\/index.php?rest_route=\/wp\/v2\/posts\/1968","targetHints":{"allow":["GET"]}}],"collection":[{"href":"https:\/\/lo.radzanow.edu.pl\/index.php?rest_route=\/wp\/v2\/posts"}],"about":[{"href":"https:\/\/lo.radzanow.edu.pl\/index.php?rest_route=\/wp\/v2\/types\/post"}],"author":[{"embeddable":true,"href":"https:\/\/lo.radzanow.edu.pl\/index.php?rest_route=\/wp\/v2\/users\/1"}],"replies":[{"embeddable":true,"href":"https:\/\/lo.radzanow.edu.pl\/index.php?rest_route=%2Fwp%2Fv2%2Fcomments&post=1968"}],"version-history":[{"count":1,"href":"https:\/\/lo.radzanow.edu.pl\/index.php?rest_route=\/wp\/v2\/posts\/1968\/revisions"}],"predecessor-version":[{"id":1970,"href":"https:\/\/lo.radzanow.edu.pl\/index.php?rest_route=\/wp\/v2\/posts\/1968\/revisions\/1970"}],"wp:featuredmedia":[{"embeddable":true,"href":"https:\/\/lo.radzanow.edu.pl\/index.php?rest_route=\/wp\/v2\/media\/1969"}],"wp:attachment":[{"href":"https:\/\/lo.radzanow.edu.pl\/index.php?rest_route=%2Fwp%2Fv2%2Fmedia&parent=1968"}],"wp:term":[{"taxonomy":"category","embeddable":true,"href":"https:\/\/lo.radzanow.edu.pl\/index.php?rest_route=%2Fwp%2Fv2%2Fcategories&post=1968"},{"taxonomy":"post_tag","embeddable":true,"href":"https:\/\/lo.radzanow.edu.pl\/index.php?rest_route=%2Fwp%2Fv2%2Ftags&post=1968"}],"curies":[{"name":"wp","href":"https:\/\/api.w.org\/{rel}","templated":true}]}}