{"id":1972,"date":"2024-12-11T22:15:08","date_gmt":"2024-12-11T21:15:08","guid":{"rendered":"https:\/\/lo.radzanow.edu.pl\/?p=1972"},"modified":"2024-12-11T22:15:09","modified_gmt":"2024-12-11T21:15:09","slug":"uroczyste-wreczenie-dyplomow-stypendystom-prezesa-rady-ministrow-za-osiagniecia-edukacyjne","status":"publish","type":"post","link":"https:\/\/lo.radzanow.edu.pl\/?p=1972","title":{"rendered":"Uroczyste wr\u0119czenie dyplom\u00f3w Stypendystom Prezesa Rady Ministr\u00f3w za osi\u0105gni\u0119cia edukacyjne."},"content":{"rendered":"\n<p>Z wielk\u0105 rado\u015bci\u0105 i dum\u0105 informujemy, i\u017c w dniu 11 grudnia 2024 r. uczennica klasy 3 Naszego Liceum Julia Jurkiewicz otrzyma\u0142a dyplom stypendysty Prezesa Rady Ministr\u00f3w, znajduj\u0105c si\u0119 tym samym w gronie wyr\u00f3\u017cnionych uczni\u00f3w z naszego wojew\u00f3dztwa.<\/p>\n\n\n\n<p><a><\/a>Stypendium Prezesa Rady Ministr\u00f3w przyznaje si\u0119 uczniowi, kt\u00f3ry otrzyma\u0142 promocj\u0119 z wyr\u00f3\u017cnieniem, uzyskuj\u0105c przy tym najwy\u017csz\u0105 w danej szkole \u015bredni\u0105 ocen lub wykazuje szczeg\u00f3lne uzdolnienia w co najmniej jednej dziedzinie wiedzy, uzyskuj\u0105c w niej najwy\u017csze wyniki, a w pozosta\u0142ych dziedzinach wiedzy, wyniki co najmniej dobre.<\/p>\n\n\n\n<p>Gratulujemy Julii i \u017cyczymy dalszych sukces\u00f3w. Otrzymanie tak presti\u017cowego stypendium niech stanowi zach\u0119t\u0119 do dalszego rozwoju.<\/p>\n\n\n\n<figure class=\"wp-block-gallery has-nested-images columns-default is-cropped wp-block-gallery-1 is-layout-flex wp-block-gallery-is-layout-flex\">\n<figure class=\"wp-block-image size-large\"><img loading=\"lazy\" decoding=\"async\" width=\"1024\" height=\"768\" data-id=\"1973\" src=\"https:\/\/lo.radzanow.edu.pl\/wp-content\/uploads\/2024\/12\/Zdjecie-WhatsApp-2024-12-11-o-14.22.32_0df6282c-1024x768.jpg\" alt=\"\" class=\"wp-image-1973\" srcset=\"https:\/\/lo.radzanow.edu.pl\/wp-content\/uploads\/2024\/12\/Zdjecie-WhatsApp-2024-12-11-o-14.22.32_0df6282c-1024x768.jpg 1024w, https:\/\/lo.radzanow.edu.pl\/wp-content\/uploads\/2024\/12\/Zdjecie-WhatsApp-2024-12-11-o-14.22.32_0df6282c-300x225.jpg 300w, https:\/\/lo.radzanow.edu.pl\/wp-content\/uploads\/2024\/12\/Zdjecie-WhatsApp-2024-12-11-o-14.22.32_0df6282c-768x576.jpg 768w, https:\/\/lo.radzanow.edu.pl\/wp-content\/uploads\/2024\/12\/Zdjecie-WhatsApp-2024-12-11-o-14.22.32_0df6282c-1536x1152.jpg 1536w, https:\/\/lo.radzanow.edu.pl\/wp-content\/uploads\/2024\/12\/Zdjecie-WhatsApp-2024-12-11-o-14.22.32_0df6282c.jpg 1600w\" sizes=\"auto, (max-width: 1024px) 100vw, 1024px\" \/><\/figure>\n\n\n\n<figure class=\"wp-block-image size-large\"><img loading=\"lazy\" decoding=\"async\" width=\"1024\" height=\"768\" data-id=\"1974\" src=\"https:\/\/lo.radzanow.edu.pl\/wp-content\/uploads\/2024\/12\/Zdjecie-WhatsApp-2024-12-11-o-10.47.28_90e91b63-1024x768.jpg\" alt=\"\" class=\"wp-image-1974\" srcset=\"https:\/\/lo.radzanow.edu.pl\/wp-content\/uploads\/2024\/12\/Zdjecie-WhatsApp-2024-12-11-o-10.47.28_90e91b63-1024x768.jpg 1024w, https:\/\/lo.radzanow.edu.pl\/wp-content\/uploads\/2024\/12\/Zdjecie-WhatsApp-2024-12-11-o-10.47.28_90e91b63-300x225.jpg 300w, https:\/\/lo.radzanow.edu.pl\/wp-content\/uploads\/2024\/12\/Zdjecie-WhatsApp-2024-12-11-o-10.47.28_90e91b63-768x576.jpg 768w, https:\/\/lo.radzanow.edu.pl\/wp-content\/uploads\/2024\/12\/Zdjecie-WhatsApp-2024-12-11-o-10.47.28_90e91b63-1536x1152.jpg 1536w, https:\/\/lo.radzanow.edu.pl\/wp-content\/uploads\/2024\/12\/Zdjecie-WhatsApp-2024-12-11-o-10.47.28_90e91b63.jpg 1600w\" sizes=\"auto, (max-width: 1024px) 100vw, 1024px\" \/><\/figure>\n\n\n\n<figure class=\"wp-block-image size-large\"><img loading=\"lazy\" decoding=\"async\" width=\"1024\" height=\"768\" data-id=\"1977\" src=\"https:\/\/lo.radzanow.edu.pl\/wp-content\/uploads\/2024\/12\/Zdjecie-WhatsApp-2024-12-11-o-10.34.48_56025161-1024x768.jpg\" alt=\"\" class=\"wp-image-1977\" srcset=\"https:\/\/lo.radzanow.edu.pl\/wp-content\/uploads\/2024\/12\/Zdjecie-WhatsApp-2024-12-11-o-10.34.48_56025161-1024x768.jpg 1024w, https:\/\/lo.radzanow.edu.pl\/wp-content\/uploads\/2024\/12\/Zdjecie-WhatsApp-2024-12-11-o-10.34.48_56025161-300x225.jpg 300w, https:\/\/lo.radzanow.edu.pl\/wp-content\/uploads\/2024\/12\/Zdjecie-WhatsApp-2024-12-11-o-10.34.48_56025161-768x576.jpg 768w, https:\/\/lo.radzanow.edu.pl\/wp-content\/uploads\/2024\/12\/Zdjecie-WhatsApp-2024-12-11-o-10.34.48_56025161-1536x1152.jpg 1536w, https:\/\/lo.radzanow.edu.pl\/wp-content\/uploads\/2024\/12\/Zdjecie-WhatsApp-2024-12-11-o-10.34.48_56025161.jpg 1600w\" sizes=\"auto, (max-width: 1024px) 100vw, 1024px\" \/><\/figure>\n\n\n\n<figure class=\"wp-block-image size-large\"><img loading=\"lazy\" decoding=\"async\" width=\"768\" height=\"1024\" data-id=\"1975\" src=\"https:\/\/lo.radzanow.edu.pl\/wp-content\/uploads\/2024\/12\/Zdjecie-WhatsApp-2024-12-11-o-10.34.47_b975f8eb-768x1024.jpg\" alt=\"\" class=\"wp-image-1975\" srcset=\"https:\/\/lo.radzanow.edu.pl\/wp-content\/uploads\/2024\/12\/Zdjecie-WhatsApp-2024-12-11-o-10.34.47_b975f8eb-768x1024.jpg 768w, https:\/\/lo.radzanow.edu.pl\/wp-content\/uploads\/2024\/12\/Zdjecie-WhatsApp-2024-12-11-o-10.34.47_b975f8eb-225x300.jpg 225w, https:\/\/lo.radzanow.edu.pl\/wp-content\/uploads\/2024\/12\/Zdjecie-WhatsApp-2024-12-11-o-10.34.47_b975f8eb-1152x1536.jpg 1152w, https:\/\/lo.radzanow.edu.pl\/wp-content\/uploads\/2024\/12\/Zdjecie-WhatsApp-2024-12-11-o-10.34.47_b975f8eb.jpg 1200w\" sizes=\"auto, (max-width: 768px) 100vw, 768px\" \/><\/figure>\n\n\n\n<figure class=\"wp-block-image size-large\"><img loading=\"lazy\" decoding=\"async\" width=\"1024\" height=\"768\" data-id=\"1978\" src=\"https:\/\/lo.radzanow.edu.pl\/wp-content\/uploads\/2024\/12\/Zdjecie-WhatsApp-2024-12-11-o-10.34.46_3ae9cde1-1024x768.jpg\" alt=\"\" class=\"wp-image-1978\" srcset=\"https:\/\/lo.radzanow.edu.pl\/wp-content\/uploads\/2024\/12\/Zdjecie-WhatsApp-2024-12-11-o-10.34.46_3ae9cde1-1024x768.jpg 1024w, https:\/\/lo.radzanow.edu.pl\/wp-content\/uploads\/2024\/12\/Zdjecie-WhatsApp-2024-12-11-o-10.34.46_3ae9cde1-300x225.jpg 300w, https:\/\/lo.radzanow.edu.pl\/wp-content\/uploads\/2024\/12\/Zdjecie-WhatsApp-2024-12-11-o-10.34.46_3ae9cde1-768x576.jpg 768w, https:\/\/lo.radzanow.edu.pl\/wp-content\/uploads\/2024\/12\/Zdjecie-WhatsApp-2024-12-11-o-10.34.46_3ae9cde1-1536x1152.jpg 1536w, https:\/\/lo.radzanow.edu.pl\/wp-content\/uploads\/2024\/12\/Zdjecie-WhatsApp-2024-12-11-o-10.34.46_3ae9cde1.jpg 1600w\" sizes=\"auto, (max-width: 1024px) 100vw, 1024px\" \/><\/figure>\n\n\n\n<figure class=\"wp-block-image size-large\"><img loading=\"lazy\" decoding=\"async\" width=\"768\" height=\"1024\" data-id=\"1976\" src=\"https:\/\/lo.radzanow.edu.pl\/wp-content\/uploads\/2024\/12\/Zdjecie-WhatsApp-2024-12-11-o-10.34.45_c0631b7f-768x1024.jpg\" alt=\"\" class=\"wp-image-1976\" srcset=\"https:\/\/lo.radzanow.edu.pl\/wp-content\/uploads\/2024\/12\/Zdjecie-WhatsApp-2024-12-11-o-10.34.45_c0631b7f-768x1024.jpg 768w, https:\/\/lo.radzanow.edu.pl\/wp-content\/uploads\/2024\/12\/Zdjecie-WhatsApp-2024-12-11-o-10.34.45_c0631b7f-225x300.jpg 225w, https:\/\/lo.radzanow.edu.pl\/wp-content\/uploads\/2024\/12\/Zdjecie-WhatsApp-2024-12-11-o-10.34.45_c0631b7f-1152x1536.jpg 1152w, https:\/\/lo.radzanow.edu.pl\/wp-content\/uploads\/2024\/12\/Zdjecie-WhatsApp-2024-12-11-o-10.34.45_c0631b7f.jpg 1200w\" sizes=\"auto, (max-width: 768px) 100vw, 768px\" \/><\/figure>\n<\/figure>\n","protected":false},"excerpt":{"rendered":"<p>Z wielk\u0105 rado\u015bci\u0105 i dum\u0105 informujemy, i\u017c w dniu 11 grudnia 2024 r. uczennica klasy 3 Naszego Liceum Julia Jurkiewicz otrzyma\u0142a dyplom stypendysty Prezesa Rady Ministr\u00f3w, znajduj\u0105c si\u0119 tym samym w gronie wyr\u00f3\u017cnionych uczni\u00f3w z naszego wojew\u00f3dztwa. Stypendium Prezesa Rady Ministr\u00f3w przyznaje si\u0119 uczniowi, kt\u00f3ry otrzyma\u0142 promocj\u0119 z wyr\u00f3\u017cnieniem, uzyskuj\u0105c przy tym najwy\u017csz\u0105 w danej szkole \u015bredni\u0105 ocen lub wykazuje [&hellip;]<\/p>\n","protected":false},"author":1,"featured_media":1973,"comment_status":"closed","ping_status":"open","sticky":false,"template":"","format":"standard","meta":{"footnotes":""},"categories":[6,1],"tags":[],"class_list":["post-1972","post","type-post","status-publish","format-standard","has-post-thumbnail","hentry","category-aktualnosci","category-bez-kategorii"],"yoast_head":"<!-- This site is optimized with the Yoast SEO plugin v19.14 - https:\/\/yoast.com\/wordpress\/plugins\/seo\/ -->\n<title>Liceum Og\u00f3lnokszta\u0142c\u0105ce w Radzanowie<\/title>\n<meta name=\"description\" content=\"Poznaj szko\u0142\u0119, kt\u00f3ra jest drabin\u0105 do nowoczesnego \u015bwiata.\" \/>\n<meta name=\"robots\" content=\"index, follow, max-snippet:-1, max-image-preview:large, max-video-preview:-1\" \/>\n<link rel=\"canonical\" href=\"https:\/\/lo.radzanow.edu.pl\/?p=1972\" \/>\n<meta property=\"og:locale\" content=\"en_US\" \/>\n<meta property=\"og:type\" content=\"article\" \/>\n<meta property=\"og:title\" content=\"Liceum Og\u00f3lnokszta\u0142c\u0105ce w Radzanowie\" \/>\n<meta property=\"og:description\" content=\"Poznaj szko\u0142\u0119, kt\u00f3ra jest drabin\u0105 do nowoczesnego \u015bwiata.\" \/>\n<meta property=\"og:url\" content=\"https:\/\/lo.radzanow.edu.pl\/?p=1972\" \/>\n<meta property=\"og:site_name\" content=\"Liceum Og\u00f3lnokszta\u0142c\u0105ce w Radzanowie\" \/>\n<meta property=\"article:publisher\" content=\"https:\/\/www.facebook.com\/loradzanow\" \/>\n<meta property=\"article:published_time\" content=\"2024-12-11T21:15:08+00:00\" \/>\n<meta property=\"article:modified_time\" content=\"2024-12-11T21:15:09+00:00\" \/>\n<meta property=\"og:image\" content=\"https:\/\/lo.radzanow.edu.pl\/wp-content\/uploads\/2024\/12\/Zdjecie-WhatsApp-2024-12-11-o-14.22.32_0df6282c.jpg\" \/>\n\t<meta property=\"og:image:width\" content=\"1600\" \/>\n\t<meta property=\"og:image:height\" content=\"1200\" \/>\n\t<meta property=\"og:image:type\" content=\"image\/jpeg\" \/>\n<meta name=\"author\" content=\"loadmin\" \/>\n<meta name=\"twitter:card\" content=\"summary_large_image\" \/>\n<meta name=\"twitter:label1\" content=\"Written by\" \/>\n\t<meta name=\"twitter:data1\" content=\"loadmin\" \/>\n\t<meta name=\"twitter:label2\" content=\"Est. reading time\" \/>\n\t<meta name=\"twitter:data2\" content=\"2 minutes\" \/>\n<script type=\"application\/ld+json\" class=\"yoast-schema-graph\">{\"@context\":\"https:\/\/schema.org\",\"@graph\":[{\"@type\":[\"Article\",\"BlogPosting\"],\"@id\":\"https:\/\/lo.radzanow.edu.pl\/?p=1972#article\",\"isPartOf\":{\"@id\":\"https:\/\/lo.radzanow.edu.pl\/?p=1972\"},\"author\":{\"name\":\"loadmin\",\"@id\":\"https:\/\/lo.radzanow.edu.pl\/#\/schema\/person\/b561cb48c33cafb7abfbc20a86cbe752\"},\"headline\":\"Uroczyste wr\u0119czenie dyplom\u00f3w Stypendystom Prezesa Rady Ministr\u00f3w za osi\u0105gni\u0119cia edukacyjne.\",\"datePublished\":\"2024-12-11T21:15:08+00:00\",\"dateModified\":\"2024-12-11T21:15:09+00:00\",\"mainEntityOfPage\":{\"@id\":\"https:\/\/lo.radzanow.edu.pl\/?p=1972\"},\"wordCount\":129,\"publisher\":{\"@id\":\"https:\/\/lo.radzanow.edu.pl\/#organization\"},\"articleSection\":[\"Aktualno\u015bci\",\"Bez kategorii\"],\"inLanguage\":\"en-US\"},{\"@type\":\"WebPage\",\"@id\":\"https:\/\/lo.radzanow.edu.pl\/?p=1972\",\"url\":\"https:\/\/lo.radzanow.edu.pl\/?p=1972\",\"name\":\"Liceum Og\u00f3lnokszta\u0142c\u0105ce w Radzanowie\",\"isPartOf\":{\"@id\":\"https:\/\/lo.radzanow.edu.pl\/#website\"},\"datePublished\":\"2024-12-11T21:15:08+00:00\",\"dateModified\":\"2024-12-11T21:15:09+00:00\",\"description\":\"Poznaj szko\u0142\u0119, kt\u00f3ra jest drabin\u0105 do nowoczesnego \u015bwiata.\",\"breadcrumb\":{\"@id\":\"https:\/\/lo.radzanow.edu.pl\/?p=1972#breadcrumb\"},\"inLanguage\":\"en-US\",\"potentialAction\":[{\"@type\":\"ReadAction\",\"target\":[\"https:\/\/lo.radzanow.edu.pl\/?p=1972\"]}]},{\"@type\":\"BreadcrumbList\",\"@id\":\"https:\/\/lo.radzanow.edu.pl\/?p=1972#breadcrumb\",\"itemListElement\":[{\"@type\":\"ListItem\",\"position\":1,\"name\":\"Strona g\u0142\u00f3wna\",\"item\":\"https:\/\/lo.radzanow.edu.pl\/\"},{\"@type\":\"ListItem\",\"position\":2,\"name\":\"Uroczyste wr\u0119czenie dyplom\u00f3w Stypendystom Prezesa Rady Ministr\u00f3w za osi\u0105gni\u0119cia edukacyjne.\"}]},{\"@type\":\"WebSite\",\"@id\":\"https:\/\/lo.radzanow.edu.pl\/#website\",\"url\":\"https:\/\/lo.radzanow.edu.pl\/\",\"name\":\"Liceum Og\u00f3lnokszta\u0142c\u0105ce w Radzanowie\",\"description\":\"Poznaj szko\u0142\u0119, kt\u00f3ra jest drabin\u0105 do nowoczesnego \u015bwiata\",\"publisher\":{\"@id\":\"https:\/\/lo.radzanow.edu.pl\/#organization\"},\"potentialAction\":[{\"@type\":\"SearchAction\",\"target\":{\"@type\":\"EntryPoint\",\"urlTemplate\":\"https:\/\/lo.radzanow.edu.pl\/?s={search_term_string}\"},\"query-input\":\"required name=search_term_string\"}],\"inLanguage\":\"en-US\"},{\"@type\":\"Organization\",\"@id\":\"https:\/\/lo.radzanow.edu.pl\/#organization\",\"name\":\"Liceum Og\u00f3lnokszta\u0142c\u0105ce w Radzanowie\",\"url\":\"https:\/\/lo.radzanow.edu.pl\/\",\"logo\":{\"@type\":\"ImageObject\",\"inLanguage\":\"en-US\",\"@id\":\"https:\/\/lo.radzanow.edu.pl\/#\/schema\/logo\/image\/\",\"url\":\"https:\/\/lo.radzanow.edu.pl\/wp-content\/uploads\/2022\/04\/cropped-logo9.png\",\"contentUrl\":\"https:\/\/lo.radzanow.edu.pl\/wp-content\/uploads\/2022\/04\/cropped-logo9.png\",\"width\":274,\"height\":52,\"caption\":\"Liceum Og\u00f3lnokszta\u0142c\u0105ce w Radzanowie\"},\"image\":{\"@id\":\"https:\/\/lo.radzanow.edu.pl\/#\/schema\/logo\/image\/\"},\"sameAs\":[\"https:\/\/www.instagram.com\/lo_radzanow\/\",\"https:\/\/www.facebook.com\/loradzanow\"]},{\"@type\":\"Person\",\"@id\":\"https:\/\/lo.radzanow.edu.pl\/#\/schema\/person\/b561cb48c33cafb7abfbc20a86cbe752\",\"name\":\"loadmin\",\"image\":{\"@type\":\"ImageObject\",\"inLanguage\":\"en-US\",\"@id\":\"https:\/\/lo.radzanow.edu.pl\/#\/schema\/person\/image\/\",\"url\":\"https:\/\/secure.gravatar.com\/avatar\/9623853edc10af47936706dcb9b0679b7258b5abd97dae411023ec99439ff58d?s=96&d=mm&r=g\",\"contentUrl\":\"https:\/\/secure.gravatar.com\/avatar\/9623853edc10af47936706dcb9b0679b7258b5abd97dae411023ec99439ff58d?s=96&d=mm&r=g\",\"caption\":\"loadmin\"},\"sameAs\":[\"http:\/\/lo.radzanow.edu.pl\"],\"url\":\"https:\/\/lo.radzanow.edu.pl\/?author=1\"}]}<\/script>\n<!-- \/ Yoast SEO plugin. -->","yoast_head_json":{"title":"Liceum Og\u00f3lnokszta\u0142c\u0105ce w Radzanowie","description":"Poznaj szko\u0142\u0119, kt\u00f3ra jest drabin\u0105 do nowoczesnego \u015bwiata.","robots":{"index":"index","follow":"follow","max-snippet":"max-snippet:-1","max-image-preview":"max-image-preview:large","max-video-preview":"max-video-preview:-1"},"canonical":"https:\/\/lo.radzanow.edu.pl\/?p=1972","og_locale":"en_US","og_type":"article","og_title":"Liceum Og\u00f3lnokszta\u0142c\u0105ce w Radzanowie","og_description":"Poznaj szko\u0142\u0119, kt\u00f3ra jest drabin\u0105 do nowoczesnego \u015bwiata.","og_url":"https:\/\/lo.radzanow.edu.pl\/?p=1972","og_site_name":"Liceum Og\u00f3lnokszta\u0142c\u0105ce w Radzanowie","article_publisher":"https:\/\/www.facebook.com\/loradzanow","article_published_time":"2024-12-11T21:15:08+00:00","article_modified_time":"2024-12-11T21:15:09+00:00","og_image":[{"width":1600,"height":1200,"url":"https:\/\/lo.radzanow.edu.pl\/wp-content\/uploads\/2024\/12\/Zdjecie-WhatsApp-2024-12-11-o-14.22.32_0df6282c.jpg","type":"image\/jpeg"}],"author":"loadmin","twitter_card":"summary_large_image","twitter_misc":{"Written by":"loadmin","Est. reading time":"2 minutes"},"schema":{"@context":"https:\/\/schema.org","@graph":[{"@type":["Article","BlogPosting"],"@id":"https:\/\/lo.radzanow.edu.pl\/?p=1972#article","isPartOf":{"@id":"https:\/\/lo.radzanow.edu.pl\/?p=1972"},"author":{"name":"loadmin","@id":"https:\/\/lo.radzanow.edu.pl\/#\/schema\/person\/b561cb48c33cafb7abfbc20a86cbe752"},"headline":"Uroczyste wr\u0119czenie dyplom\u00f3w Stypendystom Prezesa Rady Ministr\u00f3w za osi\u0105gni\u0119cia edukacyjne.","datePublished":"2024-12-11T21:15:08+00:00","dateModified":"2024-12-11T21:15:09+00:00","mainEntityOfPage":{"@id":"https:\/\/lo.radzanow.edu.pl\/?p=1972"},"wordCount":129,"publisher":{"@id":"https:\/\/lo.radzanow.edu.pl\/#organization"},"articleSection":["Aktualno\u015bci","Bez kategorii"],"inLanguage":"en-US"},{"@type":"WebPage","@id":"https:\/\/lo.radzanow.edu.pl\/?p=1972","url":"https:\/\/lo.radzanow.edu.pl\/?p=1972","name":"Liceum Og\u00f3lnokszta\u0142c\u0105ce w Radzanowie","isPartOf":{"@id":"https:\/\/lo.radzanow.edu.pl\/#website"},"datePublished":"2024-12-11T21:15:08+00:00","dateModified":"2024-12-11T21:15:09+00:00","description":"Poznaj szko\u0142\u0119, kt\u00f3ra jest drabin\u0105 do nowoczesnego \u015bwiata.","breadcrumb":{"@id":"https:\/\/lo.radzanow.edu.pl\/?p=1972#breadcrumb"},"inLanguage":"en-US","potentialAction":[{"@type":"ReadAction","target":["https:\/\/lo.radzanow.edu.pl\/?p=1972"]}]},{"@type":"BreadcrumbList","@id":"https:\/\/lo.radzanow.edu.pl\/?p=1972#breadcrumb","itemListElement":[{"@type":"ListItem","position":1,"name":"Strona g\u0142\u00f3wna","item":"https:\/\/lo.radzanow.edu.pl\/"},{"@type":"ListItem","position":2,"name":"Uroczyste wr\u0119czenie dyplom\u00f3w Stypendystom Prezesa Rady Ministr\u00f3w za osi\u0105gni\u0119cia edukacyjne."}]},{"@type":"WebSite","@id":"https:\/\/lo.radzanow.edu.pl\/#website","url":"https:\/\/lo.radzanow.edu.pl\/","name":"Liceum Og\u00f3lnokszta\u0142c\u0105ce w Radzanowie","description":"Poznaj szko\u0142\u0119, kt\u00f3ra jest drabin\u0105 do nowoczesnego \u015bwiata","publisher":{"@id":"https:\/\/lo.radzanow.edu.pl\/#organization"},"potentialAction":[{"@type":"SearchAction","target":{"@type":"EntryPoint","urlTemplate":"https:\/\/lo.radzanow.edu.pl\/?s={search_term_string}"},"query-input":"required name=search_term_string"}],"inLanguage":"en-US"},{"@type":"Organization","@id":"https:\/\/lo.radzanow.edu.pl\/#organization","name":"Liceum Og\u00f3lnokszta\u0142c\u0105ce w Radzanowie","url":"https:\/\/lo.radzanow.edu.pl\/","logo":{"@type":"ImageObject","inLanguage":"en-US","@id":"https:\/\/lo.radzanow.edu.pl\/#\/schema\/logo\/image\/","url":"https:\/\/lo.radzanow.edu.pl\/wp-content\/uploads\/2022\/04\/cropped-logo9.png","contentUrl":"https:\/\/lo.radzanow.edu.pl\/wp-content\/uploads\/2022\/04\/cropped-logo9.png","width":274,"height":52,"caption":"Liceum Og\u00f3lnokszta\u0142c\u0105ce w Radzanowie"},"image":{"@id":"https:\/\/lo.radzanow.edu.pl\/#\/schema\/logo\/image\/"},"sameAs":["https:\/\/www.instagram.com\/lo_radzanow\/","https:\/\/www.facebook.com\/loradzanow"]},{"@type":"Person","@id":"https:\/\/lo.radzanow.edu.pl\/#\/schema\/person\/b561cb48c33cafb7abfbc20a86cbe752","name":"loadmin","image":{"@type":"ImageObject","inLanguage":"en-US","@id":"https:\/\/lo.radzanow.edu.pl\/#\/schema\/person\/image\/","url":"https:\/\/secure.gravatar.com\/avatar\/9623853edc10af47936706dcb9b0679b7258b5abd97dae411023ec99439ff58d?s=96&d=mm&r=g","contentUrl":"https:\/\/secure.gravatar.com\/avatar\/9623853edc10af47936706dcb9b0679b7258b5abd97dae411023ec99439ff58d?s=96&d=mm&r=g","caption":"loadmin"},"sameAs":["http:\/\/lo.radzanow.edu.pl"],"url":"https:\/\/lo.radzanow.edu.pl\/?author=1"}]}},"_links":{"self":[{"href":"https:\/\/lo.radzanow.edu.pl\/index.php?rest_route=\/wp\/v2\/posts\/1972","targetHints":{"allow":["GET"]}}],"collection":[{"href":"https:\/\/lo.radzanow.edu.pl\/index.php?rest_route=\/wp\/v2\/posts"}],"about":[{"href":"https:\/\/lo.radzanow.edu.pl\/index.php?rest_route=\/wp\/v2\/types\/post"}],"author":[{"embeddable":true,"href":"https:\/\/lo.radzanow.edu.pl\/index.php?rest_route=\/wp\/v2\/users\/1"}],"replies":[{"embeddable":true,"href":"https:\/\/lo.radzanow.edu.pl\/index.php?rest_route=%2Fwp%2Fv2%2Fcomments&post=1972"}],"version-history":[{"count":1,"href":"https:\/\/lo.radzanow.edu.pl\/index.php?rest_route=\/wp\/v2\/posts\/1972\/revisions"}],"predecessor-version":[{"id":1979,"href":"https:\/\/lo.radzanow.edu.pl\/index.php?rest_route=\/wp\/v2\/posts\/1972\/revisions\/1979"}],"wp:featuredmedia":[{"embeddable":true,"href":"https:\/\/lo.radzanow.edu.pl\/index.php?rest_route=\/wp\/v2\/media\/1973"}],"wp:attachment":[{"href":"https:\/\/lo.radzanow.edu.pl\/index.php?rest_route=%2Fwp%2Fv2%2Fmedia&parent=1972"}],"wp:term":[{"taxonomy":"category","embeddable":true,"href":"https:\/\/lo.radzanow.edu.pl\/index.php?rest_route=%2Fwp%2Fv2%2Fcategories&post=1972"},{"taxonomy":"post_tag","embeddable":true,"href":"https:\/\/lo.radzanow.edu.pl\/index.php?rest_route=%2Fwp%2Fv2%2Ftags&post=1972"}],"curies":[{"name":"wp","href":"https:\/\/api.w.org\/{rel}","templated":true}]}}